{"id":81416,"date":"2020-08-03T17:41:42","date_gmt":"2020-08-03T16:41:42","guid":{"rendered":"https:\/\/dev.tomgrace.ch\/regenerer-le-cache-de-fontes\/"},"modified":"2020-08-06T15:01:39","modified_gmt":"2020-08-06T14:01:39","slug":"regenerer-le-cache-de-fontes","status":"publish","type":"post","link":"https:\/\/tomgrace.ch\/fr\/regenerer-le-cache-de-fontes\/","title":{"rendered":"R\u00e9g\u00e9n\u00e9rer le cache de fontes"},"content":{"rendered":"<div class=\"wpb-content-wrapper\"><p>[vc_row unlock_row_content=\u00a0\u00bbyes\u00a0\u00bb row_height_percent=\u00a0\u00bb0&Prime; overlay_alpha=\u00a0\u00bb50&Prime; gutter_size=\u00a0\u00bb3&Prime; column_width_use_pixel=\u00a0\u00bbyes\u00a0\u00bb shift_y=\u00a0\u00bb0&Prime; z_index=\u00a0\u00bb0&Prime; column_width_pixel=\u00a0\u00bb700&Prime;][vc_column column_width_percent=\u00a0\u00bb100&Prime; gutter_size=\u00a0\u00bb3&Prime; overlay_alpha=\u00a0\u00bb50&Prime; shift_x=\u00a0\u00bb0&Prime; shift_y=\u00a0\u00bb0&Prime; shift_y_down=\u00a0\u00bb0&Prime; z_index=\u00a0\u00bb0&Prime; medium_width=\u00a0\u00bb0&Prime; mobile_width=\u00a0\u00bb0&Prime; width=\u00a0\u00bb1\/1&Prime;][vc_custom_heading]R\u00e9g\u00e9n\u00e9rer le cache de fontes[\/vc_custom_heading][vc_column_text]Une part importante de mon travail consiste \u00e0 tester les fontes que je d\u00e9veloppe. Ceci comprend souvent l\u2019installation de diff\u00e9rentes versions de la m\u00eame fonte, leur \u00e9valuation et leur remplacement par des versions am\u00e9lior\u00e9es plus r\u00e9centes.<\/p>\n<p>Lors de ces tests, il arrive que des fontes ne s\u2019affichent pas comme attendu dans une application ou un syst\u00e8me d\u2019exploitation donn\u00e9. L\u2019espacement peut par exemple para\u00eetre \u00e9trange, ou les styles de fonte n\u2019apparaissent pas correctement dans les menus de fonte, ou encore certaines lettres semblent d\u00e9form\u00e9es. C\u2019est une situation peu fr\u00e9quente, mais extr\u00eamement frustrante et qui n\u2019arrive pas qu\u2019\u00e0 moi, mais aussi aux graphistes et aux autres utilisateurs d\u2019ordinateurs.<\/p>\n<p>En effet, pour charger les fontes plus rapidement, certains syst\u00e8mes cr\u00e9ent des fichiers cache qui ne sont pas mis \u00e0 jour r\u00e9guli\u00e8rement et peuvent pointer vers des donn\u00e9es obsol\u00e8tes ou devenir corrompus. Dans ce cas, il peut \u00eatre utile de vider le cache des fontes pour obliger l\u2019ordinateur \u00e0 en reconstruire des nouveaux.<span class=\"Apple-converted-space\">\u00a0<\/span><\/p>\n<p>Proc\u00e9dure \u00e0 suivre pour les environnements suivants\u00a0:<\/p>\n<p><a href=\"#Adobe-InDesign\">Adobe InDesign<\/a><\/p>\n<p><a href=\"#macOS\">macOS (10.9 [Mavericks] et versions suivantes)<\/a><\/p>\n<p><a href=\"#Office-2011\">Office 2011 (Mac)<\/a><\/p>\n<p><a href=\"#Windows-10\">Windows 10 \/ 8.1<\/a><\/p>\n<p><a href=\"#Windows-7\">Windows 7<\/a>[\/vc_column_text][vc_empty_space empty_h=\u00a0\u00bb3&Prime;][vc_column_text]<a name=\"Adobe-InDesign\"><\/a><\/p>\n<h4>Adobe InDesign<\/h4>\n<p>Recherchez et supprimez les fichiers commen\u00e7ant par <b>AdobeFnt\u00a0<\/b>et se terminant par\u00a0<b>.lst<\/b><\/p>\n<p><span lang=\"FR-CH\">Sur Windows, g\u00e9n\u00e9ralement sur\u00a0:<\/span><br \/>\n<span class=\"dir\">C:\\Programmes\\Common Files\\Adobe\\TypeSpt<\/span><\/p>\n<p><span lang=\"FR-CH\">Sur macOS, g\u00e9n\u00e9ralement sur\u00a0:<\/span><br \/>\n<span class=\"dir\">~\/Biblioth\u00e8que\/Caches\/Adobe InDesign\/Version XX\/<\/span><br \/>\n(le dossier Biblioth\u00e8que d\u2019utilisateur est accessible via <strong>Finder &gt; Aller<\/strong> ; appuyez sur la touche Alt pour voir l\u2019option Biblioth\u00e8que)<\/p>\n<p>Videz la Corbeille, puis red\u00e9marrez une des applications Adobe.[\/vc_column_text][vc_empty_space empty_h=\u00a0\u00bb2&Prime;][vc_column_text]<a name=\"macOS\"><\/a><\/p>\n<h4>macOS (10.9 [Mavericks] et versions suivantes)<\/h4>\n<p>Dans Terminal (<span class=\"dir\">Applications\/Utilitaires<\/span>), tapez\u00a0:<\/p>\n<p><code>sudo atsutil databases -remove<br \/>\n<\/code>puis entrez votre mot de passe d\u2019utilisateur<\/p>\n<p><code>atsutil server -shutdown<\/code><\/p>\n<p><code>atsutil server -ping<\/code><\/p>\n<p>Attendez environ 60 secondes avant de relancer une application; dans de rares cas, il faut red\u00e9marrer votre ordinateur.[\/vc_column_text][vc_empty_space empty_h=\u00a0\u00bb2&Prime;][vc_column_text]<a name=\"Office-2011\"><\/a><\/p>\n<h4>Office 2011 (Mac)<\/h4>\n<p>Lorsque toutes les applications d\u2019Office sont ferm\u00e9es, recherchez et mettez \u00e0 la Corbeille\u00a0:<br \/>\n<span class=\"dir\">~\/Biblioth\u00e8que\/Application Support\/Microsoft\/Office\/Preferences\/Office 2011\/Office Font Cache<\/span><br \/>\n(le dossier Biblioth\u00e8que d\u2019utilisateur est accessible via <strong>Finder &gt; Aller<\/strong> ; appuyez sur la touche Alt pour voir l\u2019option Biblioth\u00e8que)<\/p>\n<p>Videz la Corbeille, puis relancez une application Office.[\/vc_column_text][vc_empty_space empty_h=\u00a0\u00bb2&Prime;][vc_column_text]<a name=\"Windows-10\"><\/a><\/p>\n<h4>Windows 10 \/ 8.1<\/h4>\n<p>La m\u00e9thode d\u00e9crite ci-dessous vise \u00e0 vider le cache pendant l\u2019ex\u00e9cution en mode sans \u00e9chec. Cela vous permet d\u2019utiliser l\u2019invite de commande en tant qu\u2019administrateur, de d\u00e9sactiver les services de mise en cache des fontes de Windows et d&rsquo;\u00e9viter de devoir modifier la visibilit\u00e9 des fichiers ou les autorisations syst\u00e8me. Cela permet de gagner du temps et d\u2019\u00e9pargner un \u00e9norme mal de t\u00eate.<\/p>\n<p>Red\u00e9marrez l\u2019ordinateur en mode sans \u00e9chec en cliquant sur l\u2019ic\u00f4ne Marche\/Arr\u00eat dans le menu <strong>Red\u00e9marrer &gt; Maj-clic sur Red\u00e9marrer<\/strong>.<\/p>\n<p><span lang=\"FR-CH\">Un \u00e9cran bleu \u00ab\u00a0Choisir une option\u00a0\u00bb appara\u00eet. <\/span><span lang=\"FR\">S\u00e9lectionnez <\/span><b><span lang=\"FR\">D\u00e9pannage &gt; Options avanc\u00e9es &gt; Param\u00e8tres &gt; Red\u00e9marrer<\/span><\/b><span lang=\"FR\">.<\/span><\/p>\n<p><span lang=\"FR-CH\">Lors du red\u00e9marrage, un autre \u00e9cran bleu avec des options appara\u00eet. Appuyez sur 4 ou F4 pour <b>Activer le mode<\/b><b> sans \u00e9chec.<\/b><\/span><\/p>\n<p><span lang=\"FR-CH\">Lorsque le red\u00e9marrage est termin\u00e9, recherchez <b>cmd <\/b>pour ouvrir l\u2019invite de commande. En supposant que le syst\u00e8me se trouve sur le lecteur C:, tapez les commandes suivantes (le copier-coller n\u2019est pas possible !), selon votre version de Windows\u00a0:<\/span><\/p>\n<p><em>Windows 10\u00a0:<\/em><\/p>\n<p><code>del \/q \"C:\\Windows\\ServiceProfiles\\LocalService\\AppData\\Local\\FontCache\\*FontCache*\"<\/code><\/p>\n<p><code>rd \/s \/q \"C:\\Windows\\ServiceProfiles\\LocalService\\AppData\\Local\\FontCache\\Fonts\"<\/code><\/p>\n<p><code>del \/q \"C:\\Windows\\System32\\FNTCACHE.DAT\"<\/code><\/p>\n<p><em>Windows 8.1\u00a0:<\/em><\/p>\n<p><code>del \/q \"C:\\Windows\\ServiceProfiles\\LocalService\\AppData\\Local\\FontCache\\*FontCache*\"<\/code><\/p>\n<p><code>del \/q \"C:\\Windows\\System32\\FNTCACHE.DAT\"<\/code><\/p>\n<p>Red\u00e9marrez l\u2019ordinateur.[\/vc_column_text][vc_empty_space empty_h=\u00a0\u00bb2&Prime;][vc_column_text]<a name=\"Windows-7\"><\/a><\/p>\n<h4>Windows 7<\/h4>\n<p>Ce processus est presque identique \u00e0 celui de Windows 10 \/ 8.1.<\/p>\n<p>Pour red\u00e9marrer votre ordinateur en mode sans \u00e9chec\/d\u00e9marrage s\u00e9curis\u00e9, recherchez <strong>msconfig<\/strong> pour ouvrir l\u2019utilitaire de Configuration du syst\u00e8me. Dans l\u2019onglet D\u00e9marrer, sous Options de d\u00e9marrage, cochez <strong>D\u00e9marrage s\u00e9curis\u00e9, Minimal,<\/strong> puis appuyez sur OK. Il vous sera alors demand\u00e9 si vous souhaitez red\u00e9marrer imm\u00e9diatement, ou enregistrer les fichiers ouverts et red\u00e9marrer plus tard.<\/p>\n<p><img decoding=\"async\" class=\"wp-image-81423 size-full alignnone\" src=\"https:\/\/tomgrace.ch\/wp-content\/uploads\/2020\/08\/win7-msconfig-fr.png\" alt=\"Windows 7 msconfig\" width=\"585\" height=\"391\" srcset=\"https:\/\/tomgrace.ch\/wp-content\/uploads\/2020\/08\/win7-msconfig-fr.png 585w, https:\/\/tomgrace.ch\/wp-content\/uploads\/2020\/08\/win7-msconfig-fr-300x201.png 300w\" sizes=\"(max-width: 585px) 100vw, 585px\" \/><\/p>\n<p>(Une autre fa\u00e7on de passer en mode sans \u00e9chec est de d\u00e9marrer avec la touche F8 enfonc\u00e9e, mais le timing peut \u00eatre d\u00e9licat).<\/p>\n<p>Apr\u00e8s le red\u00e9marrage, recherchez<strong> cmd <\/strong>pour ouvrir l\u2019invite de commande. En supposant que le syst\u00e8me est sur le lecteur C:, tapez\u00a0:<\/p>\n<p><code>del \/q \"C:\\Windows\\ServiceProfiles\\LocalService\\AppData\\Local\\FontCache\\*FontCache*\"<\/code><\/p>\n<p><code>del \/q \"C:\\Windows\\System32\\FNTCACHE.DAT\"<\/code><\/p>\n<p><span lang=\"FR-CH\">Pour red\u00e9marrer en mode normal, recherchez \u00e0 nouveau <b>msconfig<\/b> pour rouvrir l\u2019utilitaire de Configuration du syst\u00e8me. Dans l\u2019onglet D\u00e9marrer, sous Options de d\u00e9marrage, <b>d\u00e9cochez D\u00e9marrage s\u00e9curis\u00e9, Minimal,<\/b> puis appuyez sur OK. Il vous sera \u00e0 nouveau demand\u00e9 si vous souhaitez red\u00e9marrer imm\u00e9diatement, ou enregistrer les fichiers ouverts et red\u00e9marrer plus tard.<\/span>[\/vc_column_text][vc_empty_space empty_h=\u00a0\u00bb2&Prime;][\/vc_column][\/vc_row][vc_row unlock_row_content=\u00a0\u00bbyes\u00a0\u00bb row_height_percent=\u00a0\u00bb0&Prime; back_color=\u00a0\u00bbcolor-gyho\u00a0\u00bb overlay_alpha=\u00a0\u00bb50&Prime; gutter_size=\u00a0\u00bb3&Prime; column_width_use_pixel=\u00a0\u00bbyes\u00a0\u00bb shift_y=\u00a0\u00bb0&Prime; z_index=\u00a0\u00bb0&Prime; column_width_pixel=\u00a0\u00bb700&Prime;][vc_column column_width_percent=\u00a0\u00bb100&Prime; gutter_size=\u00a0\u00bb3&Prime; overlay_alpha=\u00a0\u00bb50&Prime; shift_x=\u00a0\u00bb0&Prime; shift_y=\u00a0\u00bb0&Prime; shift_y_down=\u00a0\u00bb0&Prime; z_index=\u00a0\u00bb0&Prime; medium_width=\u00a0\u00bb0&Prime; mobile_width=\u00a0\u00bb0&Prime; width=\u00a0\u00bb1\/1&Prime;][vc_row_inner row_inner_height_percent=\u00a0\u00bb0&Prime; force_width_grid=\u00a0\u00bbyes\u00a0\u00bb overlay_alpha=\u00a0\u00bb50&Prime; equal_height=\u00a0\u00bbyes\u00a0\u00bb gutter_size=\u00a0\u00bb1&Prime; shift_y=\u00a0\u00bb0&Prime; z_index=\u00a0\u00bb0&Prime;][vc_column_inner column_width_use_pixel=\u00a0\u00bbyes\u00a0\u00bb position_horizontal=\u00a0\u00bbleft\u00a0\u00bb position_vertical=\u00a0\u00bbmiddle\u00a0\u00bb gutter_size=\u00a0\u00bb2&Prime; overlay_alpha=\u00a0\u00bb50&Prime; shift_x=\u00a0\u00bb0&Prime; shift_y=\u00a0\u00bb0&Prime; shift_y_down=\u00a0\u00bb0&Prime; z_index=\u00a0\u00bb0&Prime; align_medium=\u00a0\u00bbalign_left_tablet\u00a0\u00bb medium_width=\u00a0\u00bb0&Prime; align_mobile=\u00a0\u00bbalign_left_mobile\u00a0\u00bb mobile_width=\u00a0\u00bb0&Prime; width=\u00a0\u00bb1\/4&Prime; column_width_pixel=\u00a0\u00bb40&Prime;][vc_column_text css_animation=\u00a0\u00bbalpha-anim\u00a0\u00bb animation_delay=\u00a0\u00bb200&Prime;]<strong>Partager<\/strong>[\/vc_column_text][\/vc_column_inner][vc_column_inner column_width_use_pixel=\u00a0\u00bbyes\u00a0\u00bb position_horizontal=\u00a0\u00bbleft\u00a0\u00bb position_vertical=\u00a0\u00bbmiddle\u00a0\u00bb gutter_size=\u00a0\u00bb3&Prime; overlay_alpha=\u00a0\u00bb50&Prime; shift_x=\u00a0\u00bb0&Prime; shift_y=\u00a0\u00bb0&Prime; shift_y_down=\u00a0\u00bb0&Prime; z_index=\u00a0\u00bb0&Prime; medium_width=\u00a0\u00bb6&Prime; mobile_width=\u00a0\u00bb0&Prime; width=\u00a0\u00bb3\/4&Prime; column_width_pixel=\u00a0\u00bb300&Prime;][uncode_share layout=\u00a0\u00bbmultiple\u00a0\u00bb bigger=\u00a0\u00bbyes\u00a0\u00bb css_animation=\u00a0\u00bbalpha-anim\u00a0\u00bb animation_delay=\u00a0\u00bb200&Prime;][\/vc_column_inner][\/vc_row_inner][vc_empty_space empty_h=\u00a0\u00bb1&Prime;][\/vc_column][\/vc_row]<\/p>\n<\/div>","protected":false},"excerpt":{"rendered":"<p>Vous trouverez ici la proc\u00e9dure \u00e0 suivre pour supprimer et r\u00e9g\u00e9n\u00e9rer le cache des fontes de votre ordinateur afin de <a class=\"more-link\" href=\"https:\/\/tomgrace.ch\/fr\/regenerer-le-cache-de-fontes\/\">Continue reading<\/a><\/p>\n","protected":false},"author":1,"featured_media":81485,"comment_status":"closed","ping_status":"open","sticky":false,"template":"","format":"standard","meta":{"footnotes":""},"categories":[82,1],"tags":[133,132,128],"class_list":["post-81416","post","type-post","status-publish","format-standard","has-post-thumbnail","hentry","category-non-classifiee","category-uncategorized","tag-cache-fr","tag-fonte","tag-theory-fr"],"yoast_head":"<title>R\u00e9g\u00e9n\u00e9rer le cache de fontes - Tom Grace<\/title>\n<meta name=\"description\" content=\"Vous trouverez ici la proc\u00e9dure \u00e0 suivre pour supprimer et r\u00e9g\u00e9n\u00e9rer le cache des fontes de votre ordinateur afin de corriger les probl\u00e8mes d\u2019affichage des fontes.\" \/>\n<meta name=\"robots\" content=\"index, follow, max-snippet:-1, max-image-preview:large, max-video-preview:-1\" \/>\n<link rel=\"canonical\" href=\"https:\/\/tomgrace.ch\/fr\/regenerer-le-cache-de-fontes\/\" \/>\n<meta property=\"og:locale\" content=\"fr_FR\" \/>\n<meta property=\"og:type\" content=\"article\" \/>\n<meta property=\"og:title\" content=\"R\u00e9g\u00e9n\u00e9rer le cache de fontes - Tom Grace\" \/>\n<meta property=\"og:description\" content=\"Vous trouverez ici la proc\u00e9dure \u00e0 suivre pour supprimer et r\u00e9g\u00e9n\u00e9rer le cache des fontes de votre ordinateur afin de corriger les probl\u00e8mes d\u2019affichage des fontes.\" \/>\n<meta property=\"og:url\" content=\"https:\/\/tomgrace.ch\/fr\/regenerer-le-cache-de-fontes\/\" \/>\n<meta property=\"og:site_name\" content=\"Tom Grace\" \/>\n<meta property=\"article:published_time\" content=\"2020-08-03T16:41:42+00:00\" \/>\n<meta property=\"article:modified_time\" content=\"2020-08-06T14:01:39+00:00\" \/>\n<meta property=\"og:image\" content=\"https:\/\/tomgrace.ch\/wp-content\/uploads\/2020\/08\/font-cache.jpg\" \/>\n\t<meta property=\"og:image:width\" content=\"2000\" \/>\n\t<meta property=\"og:image:height\" content=\"1250\" \/>\n\t<meta property=\"og:image:type\" content=\"image\/jpeg\" \/>\n<meta name=\"author\" content=\"Tom Grace\" \/>\n<meta name=\"twitter:card\" content=\"summary_large_image\" \/>\n<meta name=\"twitter:label1\" content=\"\u00c9crit par\" \/>\n\t<meta name=\"twitter:data1\" content=\"Tom Grace\" \/>\n\t<meta name=\"twitter:label2\" content=\"Dur\u00e9e de lecture estim\u00e9e\" \/>\n\t<meta name=\"twitter:data2\" content=\"6 minutes\" \/>\n<script type=\"application\/ld+json\" class=\"yoast-schema-graph\">{\"@context\":\"https:\/\/schema.org\",\"@graph\":[{\"@type\":\"Article\",\"@id\":\"https:\/\/tomgrace.ch\/fr\/regenerer-le-cache-de-fontes\/#article\",\"isPartOf\":{\"@id\":\"https:\/\/tomgrace.ch\/fr\/regenerer-le-cache-de-fontes\/\"},\"author\":{\"name\":\"Tom Grace\",\"@id\":\"https:\/\/tomgrace.ch\/fr\/#\/schema\/person\/d84b73f790c8cd31357fa3c7460eaccb\"},\"headline\":\"R\u00e9g\u00e9n\u00e9rer le cache de fontes\",\"datePublished\":\"2020-08-03T16:41:42+00:00\",\"dateModified\":\"2020-08-06T14:01:39+00:00\",\"mainEntityOfPage\":{\"@id\":\"https:\/\/tomgrace.ch\/fr\/regenerer-le-cache-de-fontes\/\"},\"wordCount\":1085,\"publisher\":{\"@id\":\"https:\/\/tomgrace.ch\/fr\/#organization\"},\"image\":{\"@id\":\"https:\/\/tomgrace.ch\/fr\/regenerer-le-cache-de-fontes\/#primaryimage\"},\"thumbnailUrl\":\"https:\/\/tomgrace.ch\/wp-content\/uploads\/2020\/08\/font-cache.jpg\",\"keywords\":[\"cache\",\"fonte\",\"theory\"],\"articleSection\":[\"Non classifi\u00e9(e)\",\"Uncategorized\"],\"inLanguage\":\"fr-FR\"},{\"@type\":\"WebPage\",\"@id\":\"https:\/\/tomgrace.ch\/fr\/regenerer-le-cache-de-fontes\/\",\"url\":\"https:\/\/tomgrace.ch\/fr\/regenerer-le-cache-de-fontes\/\",\"name\":\"R\u00e9g\u00e9n\u00e9rer le cache de fontes - Tom Grace\",\"isPartOf\":{\"@id\":\"https:\/\/tomgrace.ch\/fr\/#website\"},\"primaryImageOfPage\":{\"@id\":\"https:\/\/tomgrace.ch\/fr\/regenerer-le-cache-de-fontes\/#primaryimage\"},\"image\":{\"@id\":\"https:\/\/tomgrace.ch\/fr\/regenerer-le-cache-de-fontes\/#primaryimage\"},\"thumbnailUrl\":\"https:\/\/tomgrace.ch\/wp-content\/uploads\/2020\/08\/font-cache.jpg\",\"datePublished\":\"2020-08-03T16:41:42+00:00\",\"dateModified\":\"2020-08-06T14:01:39+00:00\",\"description\":\"Vous trouverez ici la proc\u00e9dure \u00e0 suivre pour supprimer et r\u00e9g\u00e9n\u00e9rer le cache des fontes de votre ordinateur afin de corriger les probl\u00e8mes d\u2019affichage des fontes.\",\"breadcrumb\":{\"@id\":\"https:\/\/tomgrace.ch\/fr\/regenerer-le-cache-de-fontes\/#breadcrumb\"},\"inLanguage\":\"fr-FR\",\"potentialAction\":[{\"@type\":\"ReadAction\",\"target\":[\"https:\/\/tomgrace.ch\/fr\/regenerer-le-cache-de-fontes\/\"]}]},{\"@type\":\"ImageObject\",\"inLanguage\":\"fr-FR\",\"@id\":\"https:\/\/tomgrace.ch\/fr\/regenerer-le-cache-de-fontes\/#primaryimage\",\"url\":\"https:\/\/tomgrace.ch\/wp-content\/uploads\/2020\/08\/font-cache.jpg\",\"contentUrl\":\"https:\/\/tomgrace.ch\/wp-content\/uploads\/2020\/08\/font-cache.jpg\",\"width\":2000,\"height\":1250,\"caption\":\"R\u00e9g\u00e9n\u00e9rer le cache de fontes\"},{\"@type\":\"BreadcrumbList\",\"@id\":\"https:\/\/tomgrace.ch\/fr\/regenerer-le-cache-de-fontes\/#breadcrumb\",\"itemListElement\":[{\"@type\":\"ListItem\",\"position\":1,\"name\":\"Home\",\"item\":\"https:\/\/tomgrace.ch\/fr\/\"},{\"@type\":\"ListItem\",\"position\":2,\"name\":\"R\u00e9g\u00e9n\u00e9rer le cache de fontes\"}]},{\"@type\":\"WebSite\",\"@id\":\"https:\/\/tomgrace.ch\/fr\/#website\",\"url\":\"https:\/\/tomgrace.ch\/fr\/\",\"name\":\"Tom Grace\",\"description\":\"Typeface &amp; lettering design\",\"publisher\":{\"@id\":\"https:\/\/tomgrace.ch\/fr\/#organization\"},\"potentialAction\":[{\"@type\":\"SearchAction\",\"target\":{\"@type\":\"EntryPoint\",\"urlTemplate\":\"https:\/\/tomgrace.ch\/fr\/?s={search_term_string}\"},\"query-input\":{\"@type\":\"PropertyValueSpecification\",\"valueRequired\":true,\"valueName\":\"search_term_string\"}}],\"inLanguage\":\"fr-FR\"},{\"@type\":\"Organization\",\"@id\":\"https:\/\/tomgrace.ch\/fr\/#organization\",\"name\":\"Tom Grace\",\"url\":\"https:\/\/tomgrace.ch\/fr\/\",\"logo\":{\"@type\":\"ImageObject\",\"inLanguage\":\"fr-FR\",\"@id\":\"https:\/\/tomgrace.ch\/fr\/#\/schema\/logo\/image\/\",\"url\":\"https:\/\/tomgrace.ch\/wp-content\/uploads\/2020\/05\/logoB-512.jpg\",\"contentUrl\":\"https:\/\/tomgrace.ch\/wp-content\/uploads\/2020\/05\/logoB-512.jpg\",\"width\":512,\"height\":512,\"caption\":\"Tom Grace\"},\"image\":{\"@id\":\"https:\/\/tomgrace.ch\/fr\/#\/schema\/logo\/image\/\"},\"sameAs\":[\"https:\/\/www.linkedin.com\/in\/tom-grace-a3b3491\/\"]},{\"@type\":\"Person\",\"@id\":\"https:\/\/tomgrace.ch\/fr\/#\/schema\/person\/d84b73f790c8cd31357fa3c7460eaccb\",\"name\":\"Tom Grace\",\"sameAs\":[\"http:\/\/www.tomgrace.ch\",\"https:\/\/www.linkedin.com\/in\/tom-grace-a3b3491\/\"]}]}<\/script>","yoast_head_json":{"title":"R\u00e9g\u00e9n\u00e9rer le cache de fontes - Tom Grace","description":"Vous trouverez ici la proc\u00e9dure \u00e0 suivre pour supprimer et r\u00e9g\u00e9n\u00e9rer le cache des fontes de votre ordinateur afin de corriger les probl\u00e8mes d\u2019affichage des fontes.","robots":{"index":"index","follow":"follow","max-snippet":"max-snippet:-1","max-image-preview":"max-image-preview:large","max-video-preview":"max-video-preview:-1"},"canonical":"https:\/\/tomgrace.ch\/fr\/regenerer-le-cache-de-fontes\/","og_locale":"fr_FR","og_type":"article","og_title":"R\u00e9g\u00e9n\u00e9rer le cache de fontes - Tom Grace","og_description":"Vous trouverez ici la proc\u00e9dure \u00e0 suivre pour supprimer et r\u00e9g\u00e9n\u00e9rer le cache des fontes de votre ordinateur afin de corriger les probl\u00e8mes d\u2019affichage des fontes.","og_url":"https:\/\/tomgrace.ch\/fr\/regenerer-le-cache-de-fontes\/","og_site_name":"Tom Grace","article_published_time":"2020-08-03T16:41:42+00:00","article_modified_time":"2020-08-06T14:01:39+00:00","og_image":[{"width":2000,"height":1250,"url":"https:\/\/tomgrace.ch\/wp-content\/uploads\/2020\/08\/font-cache.jpg","type":"image\/jpeg"}],"author":"Tom Grace","twitter_card":"summary_large_image","twitter_misc":{"\u00c9crit par":"Tom Grace","Dur\u00e9e de lecture estim\u00e9e":"6 minutes"},"schema":{"@context":"https:\/\/schema.org","@graph":[{"@type":"Article","@id":"https:\/\/tomgrace.ch\/fr\/regenerer-le-cache-de-fontes\/#article","isPartOf":{"@id":"https:\/\/tomgrace.ch\/fr\/regenerer-le-cache-de-fontes\/"},"author":{"name":"Tom Grace","@id":"https:\/\/tomgrace.ch\/fr\/#\/schema\/person\/d84b73f790c8cd31357fa3c7460eaccb"},"headline":"R\u00e9g\u00e9n\u00e9rer le cache de fontes","datePublished":"2020-08-03T16:41:42+00:00","dateModified":"2020-08-06T14:01:39+00:00","mainEntityOfPage":{"@id":"https:\/\/tomgrace.ch\/fr\/regenerer-le-cache-de-fontes\/"},"wordCount":1085,"publisher":{"@id":"https:\/\/tomgrace.ch\/fr\/#organization"},"image":{"@id":"https:\/\/tomgrace.ch\/fr\/regenerer-le-cache-de-fontes\/#primaryimage"},"thumbnailUrl":"https:\/\/tomgrace.ch\/wp-content\/uploads\/2020\/08\/font-cache.jpg","keywords":["cache","fonte","theory"],"articleSection":["Non classifi\u00e9(e)","Uncategorized"],"inLanguage":"fr-FR"},{"@type":"WebPage","@id":"https:\/\/tomgrace.ch\/fr\/regenerer-le-cache-de-fontes\/","url":"https:\/\/tomgrace.ch\/fr\/regenerer-le-cache-de-fontes\/","name":"R\u00e9g\u00e9n\u00e9rer le cache de fontes - Tom Grace","isPartOf":{"@id":"https:\/\/tomgrace.ch\/fr\/#website"},"primaryImageOfPage":{"@id":"https:\/\/tomgrace.ch\/fr\/regenerer-le-cache-de-fontes\/#primaryimage"},"image":{"@id":"https:\/\/tomgrace.ch\/fr\/regenerer-le-cache-de-fontes\/#primaryimage"},"thumbnailUrl":"https:\/\/tomgrace.ch\/wp-content\/uploads\/2020\/08\/font-cache.jpg","datePublished":"2020-08-03T16:41:42+00:00","dateModified":"2020-08-06T14:01:39+00:00","description":"Vous trouverez ici la proc\u00e9dure \u00e0 suivre pour supprimer et r\u00e9g\u00e9n\u00e9rer le cache des fontes de votre ordinateur afin de corriger les probl\u00e8mes d\u2019affichage des fontes.","breadcrumb":{"@id":"https:\/\/tomgrace.ch\/fr\/regenerer-le-cache-de-fontes\/#breadcrumb"},"inLanguage":"fr-FR","potentialAction":[{"@type":"ReadAction","target":["https:\/\/tomgrace.ch\/fr\/regenerer-le-cache-de-fontes\/"]}]},{"@type":"ImageObject","inLanguage":"fr-FR","@id":"https:\/\/tomgrace.ch\/fr\/regenerer-le-cache-de-fontes\/#primaryimage","url":"https:\/\/tomgrace.ch\/wp-content\/uploads\/2020\/08\/font-cache.jpg","contentUrl":"https:\/\/tomgrace.ch\/wp-content\/uploads\/2020\/08\/font-cache.jpg","width":2000,"height":1250,"caption":"R\u00e9g\u00e9n\u00e9rer le cache de fontes"},{"@type":"BreadcrumbList","@id":"https:\/\/tomgrace.ch\/fr\/regenerer-le-cache-de-fontes\/#breadcrumb","itemListElement":[{"@type":"ListItem","position":1,"name":"Home","item":"https:\/\/tomgrace.ch\/fr\/"},{"@type":"ListItem","position":2,"name":"R\u00e9g\u00e9n\u00e9rer le cache de fontes"}]},{"@type":"WebSite","@id":"https:\/\/tomgrace.ch\/fr\/#website","url":"https:\/\/tomgrace.ch\/fr\/","name":"Tom Grace","description":"Typeface &amp; lettering design","publisher":{"@id":"https:\/\/tomgrace.ch\/fr\/#organization"},"potentialAction":[{"@type":"SearchAction","target":{"@type":"EntryPoint","urlTemplate":"https:\/\/tomgrace.ch\/fr\/?s={search_term_string}"},"query-input":{"@type":"PropertyValueSpecification","valueRequired":true,"valueName":"search_term_string"}}],"inLanguage":"fr-FR"},{"@type":"Organization","@id":"https:\/\/tomgrace.ch\/fr\/#organization","name":"Tom Grace","url":"https:\/\/tomgrace.ch\/fr\/","logo":{"@type":"ImageObject","inLanguage":"fr-FR","@id":"https:\/\/tomgrace.ch\/fr\/#\/schema\/logo\/image\/","url":"https:\/\/tomgrace.ch\/wp-content\/uploads\/2020\/05\/logoB-512.jpg","contentUrl":"https:\/\/tomgrace.ch\/wp-content\/uploads\/2020\/05\/logoB-512.jpg","width":512,"height":512,"caption":"Tom Grace"},"image":{"@id":"https:\/\/tomgrace.ch\/fr\/#\/schema\/logo\/image\/"},"sameAs":["https:\/\/www.linkedin.com\/in\/tom-grace-a3b3491\/"]},{"@type":"Person","@id":"https:\/\/tomgrace.ch\/fr\/#\/schema\/person\/d84b73f790c8cd31357fa3c7460eaccb","name":"Tom Grace","sameAs":["http:\/\/www.tomgrace.ch","https:\/\/www.linkedin.com\/in\/tom-grace-a3b3491\/"]}]}},"_links":{"self":[{"href":"https:\/\/tomgrace.ch\/fr\/wp-json\/wp\/v2\/posts\/81416","targetHints":{"allow":["GET"]}}],"collection":[{"href":"https:\/\/tomgrace.ch\/fr\/wp-json\/wp\/v2\/posts"}],"about":[{"href":"https:\/\/tomgrace.ch\/fr\/wp-json\/wp\/v2\/types\/post"}],"author":[{"embeddable":true,"href":"https:\/\/tomgrace.ch\/fr\/wp-json\/wp\/v2\/users\/1"}],"replies":[{"embeddable":true,"href":"https:\/\/tomgrace.ch\/fr\/wp-json\/wp\/v2\/comments?post=81416"}],"version-history":[{"count":53,"href":"https:\/\/tomgrace.ch\/fr\/wp-json\/wp\/v2\/posts\/81416\/revisions"}],"predecessor-version":[{"id":81487,"href":"https:\/\/tomgrace.ch\/fr\/wp-json\/wp\/v2\/posts\/81416\/revisions\/81487"}],"wp:featuredmedia":[{"embeddable":true,"href":"https:\/\/tomgrace.ch\/fr\/wp-json\/wp\/v2\/media\/81485"}],"wp:attachment":[{"href":"https:\/\/tomgrace.ch\/fr\/wp-json\/wp\/v2\/media?parent=81416"}],"wp:term":[{"taxonomy":"category","embeddable":true,"href":"https:\/\/tomgrace.ch\/fr\/wp-json\/wp\/v2\/categories?post=81416"},{"taxonomy":"post_tag","embeddable":true,"href":"https:\/\/tomgrace.ch\/fr\/wp-json\/wp\/v2\/tags?post=81416"}],"curies":[{"name":"wp","href":"https:\/\/api.w.org\/{rel}","templated":true}]}}